{"id":3866,"date":"2024-06-01T13:05:27","date_gmt":"2024-06-01T10:05:27","guid":{"rendered":"https:\/\/www.perdeoutlet.com\/blog\/?p=3866"},"modified":"2026-04-11T22:26:22","modified_gmt":"2026-04-11T19:26:22","slug":"fon-perde-kumasi-cesitleri-ve-fiyatlari-nelerdir","status":"publish","type":"post","link":"https:\/\/www.perdeoutlet.com\/blog\/fon-perde-kumasi-cesitleri-ve-fiyatlari-nelerdir\/","title":{"rendered":"Fon Perde Kuma\u015f\u0131 \u00c7e\u015fitleri ve Fiyatlar\u0131 Nelerdir?"},"content":{"rendered":"<div id=\"ez-toc-container\" class=\"ez-toc-v2_0_58 counter-hierarchy ez-toc-counter ez-toc-grey ez-toc-container-direction\">\n<div class=\"ez-toc-title-container\">\n<p class=\"ez-toc-title \" >Yaz\u0131da Neler Var?<\/p>\n<span class=\"ez-toc-title-toggle\"><a href=\"#\" class=\"ez-toc-pull-right ez-toc-btn ez-toc-btn-xs ez-toc-btn-default ez-toc-toggle\" aria-label=\"Toggle Table of Content\" role=\"button\"><label for=\"item-69f5f3b89d240\" ><span class=\"\"><span class=\"eztoc-hide\" style=\"display:none;\">Toggle<\/span><span class=\"ez-toc-icon-toggle-span\"><svg style=\"fill: #999;color:#999\" xmlns=\"http:\/\/www.w3.org\/2000\/svg\" class=\"list-377408\" width=\"20px\" height=\"20px\" viewBox=\"0 0 24 24\" fill=\"none\"><path d=\"M6 6H4v2h2V6zm14 0H8v2h12V6zM4 11h2v2H4v-2zm16 0H8v2h12v-2zM4 16h2v2H4v-2zm16 0H8v2h12v-2z\" fill=\"currentColor\"><\/path><\/svg><svg style=\"fill: #999;color:#999\" class=\"arrow-unsorted-368013\" xmlns=\"http:\/\/www.w3.org\/2000\/svg\" width=\"10px\" height=\"10px\" viewBox=\"0 0 24 24\" version=\"1.2\" baseProfile=\"tiny\"><path d=\"M18.2 9.3l-6.2-6.3-6.2 6.3c-.2.2-.3.4-.3.7s.1.5.3.7c.2.2.4.3.7.3h11c.3 0 .5-.1.7-.3.2-.2.3-.5.3-.7s-.1-.5-.3-.7zM5.8 14.7l6.2 6.3 6.2-6.3c.2-.2.3-.5.3-.7s-.1-.5-.3-.7c-.2-.2-.4-.3-.7-.3h-11c-.3 0-.5.1-.7.3-.2.2-.3.5-.3.7s.1.5.3.7z\"\/><\/svg><\/span><\/span><\/label><input aria-label=\"Toggle\" aria-label=\"item-69f5f3b89d240\"  type=\"checkbox\" id=\"item-69f5f3b89d240\"><\/a><\/span><\/div>\n<nav><ul class='ez-toc-list ez-toc-list-level-1 eztoc-toggle-hide-by-default' ><li class='ez-toc-page-1 ez-toc-heading-level-2'><a class=\"ez-toc-link ez-toc-heading-1\" href=\"https:\/\/www.perdeoutlet.com\/blog\/fon-perde-kumasi-cesitleri-ve-fiyatlari-nelerdir\/#Perdelik_Kumas_Cesitleri_Nelerdir\" title=\"Perdelik Kuma\u015f \u00c7e\u015fitleri Nelerdir?\">Perdelik Kuma\u015f \u00c7e\u015fitleri Nelerdir?<\/a><\/li><li class='ez-toc-page-1 ez-toc-heading-level-2'><a class=\"ez-toc-link ez-toc-heading-2\" href=\"https:\/\/www.perdeoutlet.com\/blog\/fon-perde-kumasi-cesitleri-ve-fiyatlari-nelerdir\/#Fon_Perde_Kumas_Isimleri_Nelerdir\" title=\"Fon Perde Kuma\u015f \u0130simleri Nelerdir?\">Fon Perde Kuma\u015f \u0130simleri Nelerdir?<\/a><ul class='ez-toc-list-level-3'><li class='ez-toc-heading-level-3'><a class=\"ez-toc-link ez-toc-heading-3\" href=\"https:\/\/www.perdeoutlet.com\/blog\/fon-perde-kumasi-cesitleri-ve-fiyatlari-nelerdir\/#En_Iyi_Fon_Perde_Kumasi_Hangisidir\" title=\"En \u0130yi Fon Perde Kuma\u015f\u0131 Hangisidir?\">En \u0130yi Fon Perde Kuma\u015f\u0131 Hangisidir?<\/a><\/li><\/ul><\/li><li class='ez-toc-page-1 ez-toc-heading-level-2'><a class=\"ez-toc-link ez-toc-heading-4\" href=\"https:\/\/www.perdeoutlet.com\/blog\/fon-perde-kumasi-cesitleri-ve-fiyatlari-nelerdir\/#Fon_Perde_Kumasi_Nasil_Olmali\" title=\"Fon Perde Kuma\u015f\u0131 Nas\u0131l Olmal\u0131?\">Fon Perde Kuma\u015f\u0131 Nas\u0131l Olmal\u0131?<\/a><\/li><li class='ez-toc-page-1 ez-toc-heading-level-2'><a class=\"ez-toc-link ez-toc-heading-5\" href=\"https:\/\/www.perdeoutlet.com\/blog\/fon-perde-kumasi-cesitleri-ve-fiyatlari-nelerdir\/#Fon_Perde_Icin_Hangi_Kumas_Kullanilir\" title=\"Fon Perde \u0130\u00e7in Hangi Kuma\u015f Kullan\u0131l\u0131r?\">Fon Perde \u0130\u00e7in Hangi Kuma\u015f Kullan\u0131l\u0131r?<\/a><\/li><li class='ez-toc-page-1 ez-toc-heading-level-2'><a class=\"ez-toc-link ez-toc-heading-6\" href=\"https:\/\/www.perdeoutlet.com\/blog\/fon-perde-kumasi-cesitleri-ve-fiyatlari-nelerdir\/#Fon_Perde_Kumasi_Neye_Gore_Secilir\" title=\"Fon Perde Kuma\u015f\u0131 Neye G\u00f6re Se\u00e7ilir?\">Fon Perde Kuma\u015f\u0131 Neye G\u00f6re Se\u00e7ilir?<\/a><\/li><li class='ez-toc-page-1 ez-toc-heading-level-2'><a class=\"ez-toc-link ez-toc-heading-7\" href=\"https:\/\/www.perdeoutlet.com\/blog\/fon-perde-kumasi-cesitleri-ve-fiyatlari-nelerdir\/#Fon_Perde_Kumas_Metre_Fiyatlari_Nasildir\" title=\"Fon Perde Kuma\u015f Metre Fiyatlar\u0131 Nas\u0131ld\u0131r?\">Fon Perde Kuma\u015f Metre Fiyatlar\u0131 Nas\u0131ld\u0131r?<\/a><\/li><li class='ez-toc-page-1 ez-toc-heading-level-2'><a class=\"ez-toc-link ez-toc-heading-8\" href=\"https:\/\/www.perdeoutlet.com\/blog\/fon-perde-kumasi-cesitleri-ve-fiyatlari-nelerdir\/#Sik_Sorulan_Sorular\" title=\"S\u0131k Sorulan Sorular\">S\u0131k Sorulan Sorular<\/a><ul class='ez-toc-list-level-3'><li class='ez-toc-heading-level-3'><a class=\"ez-toc-link ez-toc-heading-9\" href=\"https:\/\/www.perdeoutlet.com\/blog\/fon-perde-kumasi-cesitleri-ve-fiyatlari-nelerdir\/#1_%E2%80%93_Fon_Perde_Icin_Kac_Metre_Kumas_Gerekir\" title=\"1 \u2013 Fon Perde \u0130\u00e7in Ka\u00e7 Metre Kuma\u015f Gerekir?\">1 \u2013 Fon Perde \u0130\u00e7in Ka\u00e7 Metre Kuma\u015f Gerekir?<\/a><\/li><li class='ez-toc-page-1 ez-toc-heading-level-3'><a class=\"ez-toc-link ez-toc-heading-10\" href=\"https:\/\/www.perdeoutlet.com\/blog\/fon-perde-kumasi-cesitleri-ve-fiyatlari-nelerdir\/#2_%E2%80%93_Fon_Perde_Secerken_Nelere_Dikkat_Edilmeli\" title=\"2 &#8211; Fon Perde Se\u00e7erken Nelere Dikkat Edilmeli?\">2 &#8211; Fon Perde Se\u00e7erken Nelere Dikkat Edilmeli?<\/a><\/li><li class='ez-toc-page-1 ez-toc-heading-level-3'><a class=\"ez-toc-link ez-toc-heading-11\" href=\"https:\/\/www.perdeoutlet.com\/blog\/fon-perde-kumasi-cesitleri-ve-fiyatlari-nelerdir\/#3_%E2%80%93_Fon_Perde_Rengi_Neye_Gore_Secilir\" title=\"3 \u2013 Fon Perde Rengi Neye G\u00f6re Se\u00e7ilir?\">3 \u2013 Fon Perde Rengi Neye G\u00f6re Se\u00e7ilir?<\/a><\/li><\/ul><\/li><\/ul><\/nav><\/div>\n<p>[vc_row][vc_column][vc_row_inner][vc_column_inner][vc_raw_html]JTVCcG9fcHJvZHVjdHMlMEF1MSUzRCUyMmh0dHBzJTNBJTJGJTJGd3d3LnBlcmRlb3V0bGV0LmNvbSUyRmdyaS1kdXotZm9uLXBlcmRlJTIyJTBBdTIlM0QlMjJodHRwcyUzQSUyRiUyRnd3dy5wZXJkZW91dGxldC5jb20lMkZhbnRyYXNpdC1kdXotZm9uLXBlcmRlJTIyJTBBdTMlM0QlMjJodHRwcyUzQSUyRiUyRnd3dy5wZXJkZW91dGxldC5jb20lMkZmdW1lLWtveXUtZ3JpLWR1ei1mb24tcGVyZGUlMjIlMEF1cmxzJTNEJTIyaHR0cHMlM0ElMkYlMkZ3d3cucGVyZGVvdXRsZXQuY29tJTJGc2l5YWgtZHV6LWZvbi1wZXJkZSU3Q2h0dHBzJTNBJTJGJTJGd3d3LnBlcmRlb3V0bGV0LmNvbSUyRmluZGlnby1tYXZpc2ktZHV6LWZvbi1wZXJkZSU3Q2h0dHBzJTNBJTJGJTJGd3d3LnBlcmRlb3V0bGV0LmNvbSUyRmFudHJhc2l0LWdyaS1rZXRlbi1mb24tcGVyZGUlN0NodHRwcyUzQSUyRiUyRnd3dy5wZXJkZW91dGxldC5jb20lMkZiZWotcmVuZ2ktZHV6LWZvbi1wZXJkZSU3Q2h0dHBzJTNBJTJGJTJGd3d3LnBlcmRlb3V0bGV0LmNvbSUyRnRhcy1yZW5naS1yZW5naS1kdXotZm9uLXBlcmRlJTdDaHR0cHMlM0ElMkYlMkZ3d3cucGVyZGVvdXRsZXQuY29tJTJGa3JlbS1kdXotZm9uLXBlcmRlJTIyJTBBY2FjaGUlM0QlMjIxJTIyJTVE[\/vc_raw_html][\/vc_column_inner][\/vc_row_inner][vc_column_text]<strong>Fon perde kuma\u015f\u0131 <\/strong>tok ve g\u00f6steri\u015fli\u00a0 bir kuma\u015f t\u00fcr\u00fcd\u00fcr. Dekorasyonlara daha farkl\u0131 ve estetik bir g\u00f6r\u00fcn\u00fcm kazand\u0131rmaktad\u0131r.<\/p>\n<p>Her biri farkl\u0131 \u00f6zelliklere sahip fon kuma\u015flar\u0131 ile \u00e7e\u015fitli tasar\u0131mlar olu\u015fturulmaktad\u0131r. \u00d6zellikle renkli ve desenli modeller c\u0131v\u0131l c\u0131v\u0131l dekorasyonlar\u0131n olu\u015fmas\u0131n\u0131 sa\u011flamaktad\u0131r. Sade tasar\u0131mlara sahip fon kuma\u015flar\u0131 ise \u015f\u0131k ve zarif bir dekorasyon olu\u015fturur.<\/p>\n<h2><span class=\"ez-toc-section\" id=\"Perdelik_Kumas_Cesitleri_Nelerdir\"><\/span>Perdelik Kuma\u015f \u00c7e\u015fitleri Nelerdir?<span class=\"ez-toc-section-end\"><\/span><\/h2>\n<p><a title=\"Perde\" href=\"https:\/\/www.perdeoutlet.com\/\">Perde<\/a> olarak sat\u0131\u015fa sunulan kuma\u015flar olduk\u00e7a farkl\u0131 \u00f6zelliklere sahiptir. T\u00fcl, fon, stor ve g\u00fcne\u015flik perdeler i\u00e7in farkl\u0131 kuma\u015flar tercih edilmektedir. Keten, pamuk, viskon, saten ve d\u00fcz kuma\u015flar perdelik kuma\u015flar aras\u0131nda en sevilenler aras\u0131ndad\u0131r.<\/p>\n<p>Vual, ipek, tafta, polyester, tergal, t\u00fcl ve jakarl\u0131 kuma\u015flarda tercih edilen kuma\u015flar aras\u0131nda yer almaktad\u0131r. Tamamen tasar\u0131m odakl\u0131 olarak \u00fcretilen perdeler, farkl\u0131 kuma\u015flar\u0131 ile bir\u00e7ok alanda kullan\u0131ma uygundur.<\/p>\n<h2><span class=\"ez-toc-section\" id=\"Fon_Perde_Kumas_Isimleri_Nelerdir\"><\/span>Fon Perde Kuma\u015f \u0130simleri Nelerdir?<span class=\"ez-toc-section-end\"><\/span><\/h2>\n<p>Ev tekstil kuma\u015flar\u0131 desenli, d\u00fcz, renkli ve materyale ba\u011fl\u0131 olarak de\u011fi\u015fiklik g\u00f6stermektedir. <strong>Fon perde kuma\u015f\u0131 \u00e7e\u015fitleri <\/strong>noktas\u0131nda da, bir\u00e7ok kuma\u015f t\u00fcr\u00fcn\u00fcn oldu\u011fu g\u00f6r\u00fclmektedir. Bu noktada <a title=\"fon perde modelleri\" href=\"https:\/\/www.perdeoutlet.com\/fon-perde\">fon perde modelleri<\/a> \u00fcretilmesinde en \u00e7ok tercih edilen kuma\u015f isimleri \u015fu \u015fekildedir;<\/p>\n<ul>\n<li>Keten kuma\u015f<\/li>\n<li>Pike kuma\u015f<\/li>\n<li>Saten kuma\u015f<\/li>\n<li>Dijital bask\u0131l\u0131 kuma\u015f<\/li>\n<li>Pamuk keten kuma\u015f<\/li>\n<li>Blackout kuma\u015f<\/li>\n<\/ul>\n<h3><span class=\"ez-toc-section\" id=\"En_Iyi_Fon_Perde_Kumasi_Hangisidir\"><\/span>En \u0130yi Fon Perde Kuma\u015f\u0131 Hangisidir?<span class=\"ez-toc-section-end\"><\/span><\/h3>\n<p><a title=\"Fon perde\" href=\"https:\/\/www.perdeoutlet.com\/fon-perde\">Fon perde<\/a> i\u00e7in en \u00e7ok kullan\u0131lan kuma\u015flar aras\u0131nda \u00fct\u00fc yap\u0131labilen ve kolay temizlenebilen tasar\u0131mlar yer almaktad\u0131r. Keten kuma\u015ftan \u00fcretilen fon perdeler uzun y\u0131llar kullan\u0131m i\u00e7in olduk\u00e7a idealdir. Ayn\u0131 zamanda kolay bir kullan\u0131mda sunmaktad\u0131rlar.<\/p>\n<h2><span class=\"ez-toc-section\" id=\"Fon_Perde_Kumasi_Nasil_Olmali\"><\/span>Fon Perde Kuma\u015f\u0131 Nas\u0131l Olmal\u0131?<span class=\"ez-toc-section-end\"><\/span><\/h2>\n<p>Bulunduklar\u0131 ortama ayr\u0131 bir g\u00f6r\u00fcn\u00fcm katan fon perdeler dikkat \u00e7ekici tasar\u0131mlarla \u00fcretilmektedir. Bir\u00e7ok renk \u00e7e\u015fidi ve tasar\u0131m\u0131yla \u00f6ne \u00e7\u0131kan bu perdelerin kuma\u015f detay\u0131 \u00f6nemli bir unsurdur. Peki, evlere ekstra bir \u015f\u0131kl\u0131k kazand\u0131ran fonlar\u0131n kuma\u015f\u0131 nas\u0131l olmal\u0131d\u0131r? \u0130\u015fte detaylar;<\/p>\n<ul>\n<li>\u00d6ncelikle fon i\u00e7in tercih edilen kuma\u015f\u0131n \u00fct\u00fc istememesi gerekir.<\/li>\n<li>Daha \u015f\u0131k ve estetik bir g\u00f6r\u00fcn\u00fcm i\u00e7in saten tarz\u0131 kuma\u015flar tercih edilmelidir.<\/li>\n<li>Y\u0131lda birka\u00e7 kez y\u0131kama gerektiren fonlar\u0131n leke tutmayan kuma\u015flardan tercih edilmesi de \u00f6nemlidir.<\/li>\n<\/ul>\n<h2><span class=\"ez-toc-section\" id=\"Fon_Perde_Icin_Hangi_Kumas_Kullanilir\"><\/span>Fon Perde \u0130\u00e7in Hangi Kuma\u015f Kullan\u0131l\u0131r?<span class=\"ez-toc-section-end\"><\/span><\/h2>\n<p>Fon perde i\u00e7in pek \u00e7ok kuma\u015f t\u00fcr\u00fc kullan\u0131lmaktad\u0131r. Ancak \u00f6zellikle pamuk saten, astarl\u0131 kuma\u015f ve organize keten gibi kuma\u015flar s\u0131kl\u0131kla tercih edilmektedir.<\/p>\n<h2><span class=\"ez-toc-section\" id=\"Fon_Perde_Kumasi_Neye_Gore_Secilir\"><\/span>Fon Perde Kuma\u015f\u0131 Neye G\u00f6re Se\u00e7ilir?<span class=\"ez-toc-section-end\"><\/span><\/h2>\n<p>Fon perde veya kuma\u015f\u0131n\u0131n se\u00e7iminde ilk dikkat edece\u011finiz nokta; perdenin genel dekorasyon ile uyumlu olmas\u0131d\u0131r. Mobilyalar\u0131n\u0131zla uyumlu olan perdeleri se\u00e7ti\u011finizde, uzun y\u0131llar kullan\u0131m elde edebilece\u011finiz \u00fcr\u00fcnlere sahip olabilirsiniz. Ayn\u0131 zamanda sizin a\u00e7\u0131n\u0131zdan temizlik konusunda pratiklik sunan kuma\u015flar\u0131nda tercih edilmesi, ekstra avantaj sa\u011flamaktad\u0131r.<\/p>\n<h2><span class=\"ez-toc-section\" id=\"Fon_Perde_Kumas_Metre_Fiyatlari_Nasildir\"><\/span>Fon Perde Kuma\u015f Metre Fiyatlar\u0131 Nas\u0131ld\u0131r?<span class=\"ez-toc-section-end\"><\/span><\/h2>\n<p>Farkl\u0131 \u00f6zellikleri, tasar\u0131mlar\u0131 ve dokular\u0131 bulunan fon perde kuma\u015f\u0131 \u00e7e\u015fitleri; farkl\u0131 fiyatlar \u00fczerinden sat\u0131\u015fa sunulmaktad\u0131r. Se\u00e7ece\u011finiz fon perdeler hem alan \u00f6l\u00e7\u00fcs\u00fc hem de kuma\u015f t\u00fcr\u00fc \u00fczerinden fiyatland\u0131r\u0131lmaktad\u0131r.<\/p>\n<p>B\u00fct\u00e7enize uygun olarak <strong>fon perde kuma\u015f\u0131 sat\u0131n al <\/strong>se\u00e7ene\u011finden yararlanmak istiyorsan\u0131z; Perde Outlet online perdeci ma\u011fazam\u0131z\u0131 ziyaret edebilirsiniz. D\u00fcz ve keten kuma\u015flardan \u00fcretilen fonlar\u0131m\u0131z, hem kaliteli hem de \u015f\u0131k tasar\u0131mlar\u0131yla evlerinizde istedi\u011finiz g\u00f6r\u00fcn\u00fcm size sunulmaktad\u0131r.<\/p>\n<p>D\u00fcz fon perdelerimizin metre fiyat\u0131 235,99 \u20ba\u2019den ba\u015flamaktad\u0131r. Keten fonlar\u0131m\u0131zda ise metre fiyat\u0131 399,99 \u20ba&#8217;den ba\u015flamaktad\u0131r.<\/p>\n<h2><span class=\"ez-toc-section\" id=\"Sik_Sorulan_Sorular\"><\/span>S\u0131k Sorulan Sorular<span class=\"ez-toc-section-end\"><\/span><\/h2>\n<p>Her biri farkl\u0131 g\u00f6r\u00fcn\u00fcme sahip olan fon perde kuma\u015f\u0131 \u00e7e\u015fitleri ile ilgili bir\u00e7ok detay merak edilmektedir. Peki, fon perdeler ile ilgili en s\u0131k sorulan sorular nelerdir? \u0130\u015fte, detaylar;<\/p>\n<h3><span class=\"ez-toc-section\" id=\"1_%E2%80%93_Fon_Perde_Icin_Kac_Metre_Kumas_Gerekir\"><\/span>1 \u2013 Fon Perde \u0130\u00e7in Ka\u00e7 Metre Kuma\u015f Gerekir?<span class=\"ez-toc-section-end\"><\/span><\/h3>\n<p>Perde boyu, tamamen alan \u00f6l\u00e7\u00fcn\u00fcz ile ilgili bir konudur. Ancak tavandan zemine kadar kullan\u0131lacak fonlarda genellikle 6 metre yeterli olmaktad\u0131r. Cam alt\u0131 olarak tercih edece\u011finiz fonlarda ise kuma\u015f uzunlu\u011fu 5 metre olarak se\u00e7ilebilir.<\/p>\n<h3><span class=\"ez-toc-section\" id=\"2_%E2%80%93_Fon_Perde_Secerken_Nelere_Dikkat_Edilmeli\"><\/span>2 &#8211; Fon Perde Se\u00e7erken Nelere Dikkat Edilmeli?<span class=\"ez-toc-section-end\"><\/span><\/h3>\n<p>Fon perde kuma\u015flar\u0131n\u0131n kullan\u0131m\u0131 rahat olmal\u0131d\u0131r. Temizlik a\u00e7\u0131s\u0131ndan pratiklik sunmas\u0131 da gerekir. Ayn\u0131 zamanda fonlardan beklenen, tam mahremiyet sa\u011flamas\u0131d\u0131r. Keten ve kal\u0131n fon perde modelleri en iyi se\u00e7enekler aras\u0131ndad\u0131r.<\/p>\n<h3><span class=\"ez-toc-section\" id=\"3_%E2%80%93_Fon_Perde_Rengi_Neye_Gore_Secilir\"><\/span>3 \u2013 Fon Perde Rengi Neye G\u00f6re Se\u00e7ilir?<span class=\"ez-toc-section-end\"><\/span><\/h3>\n<p><strong>T\u00fcl perde kuma\u015f\u0131 <\/strong>veya <strong>fon perde kuma\u015f\u0131 <\/strong>se\u00e7iminde renk detay\u0131 b\u00fcy\u00fck \u00f6nem ta\u015f\u0131r. \u00c7\u00fcnk\u00fc se\u00e7ilecek perdenin; duvar rengiyle, mobilyayla, bitkilerle, hal\u0131 ve genel dekorasyon ile uyumlu olmas\u0131 olduk\u00e7a \u00f6nemlidir. Fon perde rengi se\u00e7iminde bu konulara dikkat etmeniz, ekstra size kazan\u0131m sa\u011flamaktad\u0131r.<\/p>\n<p>*Fon perde modelleri i\u00e7in haz\u0131rlad\u0131\u011f\u0131m\u0131z videoyu <a href=\"https:\/\/www.youtube.com\/watch?v=NIUEM8F5aPY\" target=\"_blank\" rel=\"noopener\">https:\/\/www.youtube.com\/watch?v=NIUEM8F5aPY<\/a> buradan izleyebilirsiniz.[\/vc_column_text][\/vc_column][\/vc_row]<\/p>\n","protected":false},"excerpt":{"rendered":"<p>[vc_row][vc_column][vc_row_inner][vc_column_inner][vc_raw_html]JTVCcG9fcHJvZHVjdHMlMEF1MSUzRCUyMmh0dHBzJTNBJTJGJTJGd3d3LnBlcmRlb3V0bGV0LmNvbSUyRmdyaS1kdXotZm9uLXBlcmRlJTIyJTBBdTIlM0QlMjJodHRwcyUzQSUyRiUyRnd3dy5wZXJkZW91dGxldC5jb20lMkZhbnRyYXNpdC1kdXotZm9uLXBlcmRlJTIyJTBBdTMlM0QlMjJodHRwcyUzQSUyRiUyRnd3dy5wZXJkZW91dGxldC5jb20lMkZmdW1lLWtveXUtZ3JpLWR1ei1mb24tcGVyZGUlMjIlMEF1cmxzJTNEJTIyaHR0cHMlM0ElMkYlMkZ3d3cucGVyZGVvdXRsZXQuY29tJTJGc2l5YWgtZHV6LWZvbi1wZXJkZSU3Q2h0dHBzJTNBJTJGJTJGd3d3LnBlcmRlb3V0bGV0LmNvbSUyRmluZGlnby1tYXZpc2ktZHV6LWZvbi1wZXJkZSU3Q2h0dHBzJTNBJTJGJTJGd3d3LnBlcmRlb3V0bGV0LmNvbSUyRmFudHJhc2l0LWdyaS1rZXRlbi1mb24tcGVyZGUlN0NodHRwcyUzQSUyRiUyRnd3dy5wZXJkZW91dGxldC5jb20lMkZiZWotcmVuZ2ktZHV6LWZvbi1wZXJkZSU3Q2h0dHBzJTNBJTJGJTJGd3d3LnBlcmRlb3V0bGV0LmNvbSUyRnRhcy1yZW5naS1yZW5naS1kdXotZm9uLXBlcmRlJTdDaHR0cHMlM0ElMkYlMkZ3d3cucGVyZGVvdXRsZXQuY29tJTJGa3JlbS1kdXotZm9uLXBlcmRlJTIyJTBBY2FjaGUlM0QlMjIxJTIyJTVE[\/vc_raw_html][\/vc_column_inner][\/vc_row_inner][vc_column_text]Fon perde kuma\u015f\u0131 tok ve g\u00f6steri\u015fli\u00a0 bir kuma\u015f t\u00fcr\u00fcd\u00fcr. Dekorasyonlara daha farkl\u0131 ve estetik bir g\u00f6r\u00fcn\u00fcm kazand\u0131rmaktad\u0131r.<\/p>\n<p>Her biri farkl\u0131 \u00f6zelliklere sahip fon kuma\u015flar\u0131 ile \u00e7e\u015fitli tasar\u0131mlar olu\u015fturulmaktad\u0131r. \u00d6zellikle renkli ve desenli modeller c\u0131v\u0131l c\u0131v\u0131l dekorasyonlar\u0131n olu\u015fmas\u0131n\u0131 sa\u011flamaktad\u0131r. Sade tasar\u0131mlara sahip fon kuma\u015flar\u0131 ise \u015f\u0131k ve zarif bir dekorasyon olu\u015fturur.<\/p>\n<p>Perdelik Kuma\u015f \u00c7e\u015fitleri Nelerdir?<\/p>\n<p>Perde olarak sat\u0131\u015fa sunulan kuma\u015flar olduk\u00e7a farkl\u0131 \u00f6zelliklere sahiptir. T\u00fcl, fon, stor ve g\u00fcne\u015flik perdeler i\u00e7in farkl\u0131 kuma\u015flar tercih edilmektedir. Keten, pamuk, viskon, saten ve d\u00fcz kuma\u015flar perdelik kuma\u015flar aras\u0131nda en sevilenler aras\u0131ndad\u0131r.<\/p>\n<p>Vual, ipek, tafta, polyester, tergal, t\u00fcl ve jakarl\u0131 kuma\u015flarda tercih edilen kuma\u015flar aras\u0131nda yer almaktad\u0131r. Tamamen tasar\u0131m odakl\u0131 olarak \u00fcretilen perdeler, farkl\u0131 kuma\u015flar\u0131 ile bir\u00e7ok alanda kullan\u0131ma uygundur.<\/p>\n<p>Fon Perde Kuma\u015f \u0130simleri Nelerdir?<\/p>\n<p>Ev tekstil kuma\u015flar\u0131 desenli, d\u00fcz, renkli ve materyale ba\u011fl\u0131 olarak de\u011fi\u015fiklik g\u00f6stermektedir. Fon perde kuma\u015f\u0131 \u00e7e\u015fitleri noktas\u0131nda da, bir\u00e7ok kuma\u015f t\u00fcr\u00fcn\u00fcn oldu\u011fu g\u00f6r\u00fclmektedir. Bu noktada fon perde modelleri \u00fcretilmesinde en \u00e7ok tercih edilen kuma\u015f isimleri \u015fu \u015fekildedir;<\/p>\n<p>Keten kuma\u015f<br \/>\nPike kuma\u015f<br \/>\nSaten kuma\u015f<br \/>\nDijital bask\u0131l\u0131 kuma\u015f<br \/>\nPamuk keten kuma\u015f<br \/>\nBlackout kuma\u015f<\/p>\n<p>En \u0130yi Fon Perde Kuma\u015f\u0131 Hangisidir?<\/p>\n<p>Fon perde i\u00e7in en \u00e7ok kullan\u0131lan kuma\u015flar aras\u0131nda \u00fct\u00fc yap\u0131labilen ve kolay temizlenebilen tasar\u0131mlar yer almaktad\u0131r. Keten kuma\u015ftan \u00fcretilen fon perdeler uzun y\u0131llar kullan\u0131m i\u00e7in olduk\u00e7a idealdir. Ayn\u0131 zamanda kolay bir kullan\u0131mda sunmaktad\u0131rlar.<\/p>\n<p>Fon Perde Kuma\u015f\u0131 Nas\u0131l Olmal\u0131?<\/p>\n<p>Bulunduklar\u0131 ortama ayr\u0131 bir g\u00f6r\u00fcn\u00fcm katan fon perdeler dikkat \u00e7ekici tasar\u0131mlarla \u00fcretilmektedir. Bir\u00e7ok renk \u00e7e\u015fidi ve tasar\u0131m\u0131yla \u00f6ne \u00e7\u0131kan bu perdelerin kuma\u015f detay\u0131 \u00f6nemli bir unsurdur. Peki, evlere ekstra bir \u015f\u0131kl\u0131k kazand\u0131ran fonlar\u0131n kuma\u015f\u0131 nas\u0131l olmal\u0131d\u0131r? \u0130\u015fte detaylar;<\/p>\n<p>\u00d6ncelikle fon i\u00e7in tercih edilen kuma\u015f\u0131n \u00fct\u00fc istememesi gerekir.<br \/>\nDaha \u015f\u0131k ve estetik bir g\u00f6r\u00fcn\u00fcm i\u00e7in saten tarz\u0131 kuma\u015flar tercih edilmelidir.<br \/>\nY\u0131lda birka\u00e7 kez y\u0131kama gerektiren fonlar\u0131n leke tutmayan kuma\u015flardan tercih edilmesi de \u00f6nemlidir.<\/p>\n<p>Fon Perde \u0130\u00e7in Hangi Kuma\u015f Kullan\u0131l\u0131r?<\/p>\n<p>Fon perde i\u00e7in pek \u00e7ok kuma\u015f t\u00fcr\u00fc kullan\u0131lmaktad\u0131r. Ancak \u00f6zellikle pamuk saten, astarl\u0131 kuma\u015f ve organize keten gibi kuma\u015flar s\u0131kl\u0131kla tercih edilmektedir.<\/p>\n<p>Fon Perde Kuma\u015f\u0131 Neye G\u00f6re Se\u00e7ilir?<\/p>\n<p>Fon perde veya kuma\u015f\u0131n\u0131n se\u00e7iminde ilk dikkat edece\u011finiz nokta; perdenin genel dekorasyon ile uyumlu olmas\u0131d\u0131r. Mobilyalar\u0131n\u0131zla uyumlu olan perdeleri se\u00e7ti\u011finizde, uzun y\u0131llar kullan\u0131m elde edebilece\u011finiz \u00fcr\u00fcnlere sahip olabilirsiniz. Ayn\u0131 zamanda sizin a\u00e7\u0131n\u0131zdan temizlik konusunda pratiklik sunan kuma\u015flar\u0131nda tercih edilmesi, ekstra avantaj sa\u011flamaktad\u0131r.<\/p>\n<p>Fon Perde Kuma\u015f Metre Fiyatlar\u0131 Nas\u0131ld\u0131r?<\/p>\n<p>Farkl\u0131 \u00f6zellikleri, tasar\u0131mlar\u0131 ve dokular\u0131 bulunan fon perde kuma\u015f\u0131 \u00e7e\u015fitleri; farkl\u0131 fiyatlar \u00fczerinden sat\u0131\u015fa sunulmaktad\u0131r. Se\u00e7ece\u011finiz fon perdeler hem alan \u00f6l\u00e7\u00fcs\u00fc hem de kuma\u015f t\u00fcr\u00fc \u00fczerinden fiyatland\u0131r\u0131lmaktad\u0131r.<\/p>\n<p>B\u00fct\u00e7enize uygun olarak fon perde kuma\u015f\u0131 sat\u0131n al se\u00e7ene\u011finden yararlanmak istiyorsan\u0131z; Perde Outlet online perdeci ma\u011fazam\u0131z\u0131 ziyaret edebilirsiniz. D\u00fcz ve keten kuma\u015flardan \u00fcretilen fonlar\u0131m\u0131z, hem kaliteli hem de \u015f\u0131k tasar\u0131mlar\u0131yla evlerinizde istedi\u011finiz g\u00f6r\u00fcn\u00fcm size sunulmaktad\u0131r.<\/p>\n<p>D\u00fcz fon perdelerimizin metre fiyat\u0131 235,99 \u20ba\u2019den ba\u015flamaktad\u0131r. Keten fonlar\u0131m\u0131zda ise metre fiyat\u0131 399,99 \u20ba&#8217;den ba\u015flamaktad\u0131r.<\/p>\n<p>S\u0131k Sorulan Sorular<\/p>\n<p>Her biri farkl\u0131 g\u00f6r\u00fcn\u00fcme sahip olan fon perde kuma\u015f\u0131 \u00e7e\u015fitleri ile ilgili bir\u00e7ok detay merak edilmektedir. Peki, fon perdeler ile ilgili en s\u0131k sorulan sorular nelerdir? \u0130\u015fte, detaylar;<\/p>\n<p>1 \u2013 Fon Perde \u0130\u00e7in Ka\u00e7 Metre Kuma\u015f Gerekir?<\/p>\n<p>Perde boyu, tamamen alan \u00f6l\u00e7\u00fcn\u00fcz ile ilgili bir konudur. Ancak tavandan zemine kadar kullan\u0131lacak fonlarda genellikle 6 metre yeterli olmaktad\u0131r. Cam alt\u0131 olarak tercih edece\u011finiz fonlarda ise kuma\u015f uzunlu\u011fu 5 metre olarak se\u00e7ilebilir.<\/p>\n<p>2 &#8211; Fon Perde Se\u00e7erken Nelere Dikkat Edilmeli?<\/p>\n<p>Fon perde kuma\u015flar\u0131n\u0131n kullan\u0131m\u0131 rahat olmal\u0131d\u0131r. Temizlik a\u00e7\u0131s\u0131ndan pratiklik sunmas\u0131 da gerekir. Ayn\u0131 zamanda fonlardan beklenen, tam mahremiyet sa\u011flamas\u0131d\u0131r. Keten ve kal\u0131n fon perde modelleri en iyi se\u00e7enekler aras\u0131ndad\u0131r.<\/p>\n<p>3 \u2013 Fon Perde Rengi Neye G\u00f6re Se\u00e7ilir?<\/p>\n<p>T\u00fcl perde kuma\u015f\u0131 veya fon perde kuma\u015f\u0131 se\u00e7iminde renk detay\u0131 b\u00fcy\u00fck \u00f6nem ta\u015f\u0131r. \u00c7\u00fcnk\u00fc se\u00e7ilecek perdenin; duvar rengiyle, mobilyayla, bitkilerle, hal\u0131 ve genel dekorasyon ile uyumlu olmas\u0131 olduk\u00e7a \u00f6nemlidir. Fon perde rengi se\u00e7iminde bu konulara dikkat etmeniz, ekstra size kazan\u0131m sa\u011flamaktad\u0131r.<\/p>\n<p>*Fon perde modelleri i\u00e7in haz\u0131rlad\u0131\u011f\u0131m\u0131z videoyu https:\/\/www.youtube.com\/watch?v=NIUEM8F5aPY buradan izleyebilirsiniz.[\/vc_column_text][\/vc_column][\/vc_row]<\/p>\n","protected":false},"author":6,"featured_media":3867,"comment_status":"closed","ping_status":"open","sticky":false,"template":"","format":"standard","meta":{"footnotes":""},"categories":[3],"tags":[],"class_list":["post-3866","post","type-post","status-publish","format-standard","has-post-thumbnail","hentry","category-perde-ozellikleri"],"_links":{"self":[{"href":"https:\/\/www.perdeoutlet.com\/blog\/wp-json\/wp\/v2\/posts\/3866","targetHints":{"allow":["GET"]}}],"collection":[{"href":"https:\/\/www.perdeoutlet.com\/blog\/wp-json\/wp\/v2\/posts"}],"about":[{"href":"https:\/\/www.perdeoutlet.com\/blog\/wp-json\/wp\/v2\/types\/post"}],"author":[{"embeddable":true,"href":"https:\/\/www.perdeoutlet.com\/blog\/wp-json\/wp\/v2\/users\/6"}],"replies":[{"embeddable":true,"href":"https:\/\/www.perdeoutlet.com\/blog\/wp-json\/wp\/v2\/comments?post=3866"}],"version-history":[{"count":8,"href":"https:\/\/www.perdeoutlet.com\/blog\/wp-json\/wp\/v2\/posts\/3866\/revisions"}],"predecessor-version":[{"id":3985,"href":"https:\/\/www.perdeoutlet.com\/blog\/wp-json\/wp\/v2\/posts\/3866\/revisions\/3985"}],"wp:featuredmedia":[{"embeddable":true,"href":"https:\/\/www.perdeoutlet.com\/blog\/wp-json\/wp\/v2\/media\/3867"}],"wp:attachment":[{"href":"https:\/\/www.perdeoutlet.com\/blog\/wp-json\/wp\/v2\/media?parent=3866"}],"wp:term":[{"taxonomy":"category","embeddable":true,"href":"https:\/\/www.perdeoutlet.com\/blog\/wp-json\/wp\/v2\/categories?post=3866"},{"taxonomy":"post_tag","embeddable":true,"href":"https:\/\/www.perdeoutlet.com\/blog\/wp-json\/wp\/v2\/tags?post=3866"}],"curies":[{"name":"wp","href":"https:\/\/api.w.org\/{rel}","templated":true}]}}